{"id":1339,"date":"2025-12-04T00:51:39","date_gmt":"2025-12-04T00:51:39","guid":{"rendered":"https:\/\/thomasbremser.de\/?p=1339"},"modified":"2025-12-04T01:11:05","modified_gmt":"2025-12-04T01:11:05","slug":"sternenstaub-ist-ueberall-update-3-dezember-2025","status":"publish","type":"post","link":"https:\/\/thomasbremser.de\/?p=1339","title":{"rendered":"Sternenstaub ist \u00fcberall Update 3.Dezember 2025"},"content":{"rendered":"\n<p><br><strong>Sternenstaubmusik Duisburg pr\u00e4sentiert:<\/strong><\/p>\n\n\n\n<p><strong>Sternenstaub ist \u00fcberall<\/strong><\/p>\n\n\n\n<p><strong>Gro\u00dfes Chorkonzert des Sternenstaubchores<\/strong><\/p>\n\n\n\n<p><strong>Samstag 14.M\u00e4rz 2026 im Duisburger Hof um 19:30 Uhr<\/strong><\/p>\n\n\n\n<p><strong>Wyndham Hotel Gro\u00dfer Ballsaal Opernplatz 2 in 47051 Duisburg<\/strong><\/p>\n\n\n\n<p>STERNENSTAUB IST \u00dcBERALL<br>Ein Zwischenbericht aus der Klangkammer der ODYMORPH<\/p>\n\n\n\n<p>Der Sternenstaubchor erhebt sich nicht einfach zum Singen \u2014 er entsteht, wie Nebelinseln im fr\u00fchen Universum entstehen: aus Atem, aus Erwartung, aus der leisesten Schwingung einer Erinnerung, die noch keiner gedacht hat.<\/p>\n\n\n\n<p>Seine Stimmen legen sich \u00fcbereinander wie Spiralgalaxien, treffen sich, verfehlen sich,<br>finden sich wieder in einem Punkt jenseits des H\u00f6rbaren.<br>Manchmal klingt es, als w\u00fcrde jemand von innen an die W\u00e4nde der Zeit klopfen.<\/p>\n\n\n\n<div class=\"wp-block-group\"><div class=\"wp-block-group__inner-container is-layout-constrained wp-block-group-is-layout-constrained\">\n<p>Britta Antunes Akkordeon \u00f6ffnet hierzu die Schleusen: ein Druckausgleich zwischen Welt und Zwischenwelt, ein metallisches, warmes \u201eEinatmen\u201c, das die ODYMORPH in Bewegung setzt.<br>Jeder Ton ein Korridor, jeder Balgzug ein neuer Abschnitt der Reise.<\/p>\n<\/div><\/div>\n\n\n\n<p>Und ich selbst?<br>Meine Stimme h\u00e4ngt wie ein Lichtfaden an der Au\u00dfenhaut der Realit\u00e4t,<br>weht im Sonnenwind, spannt sich, rei\u00dft fast doch im Moment des Zerrei\u00dfens verdichtet sie sich zu jenem leisen Kern, der zwischen Orpheus und Zukunft navigiert.<\/p>\n\n\n\n<p>So beginnt unser Konzert.<br>Nicht mit Musik, sondern mit Entstehung.<\/p>\n\n\n\n<ol start=\"14\" class=\"wp-block-list\">\n<li>M\u00e4rz 2026 \u00b7 19:30 Uhr<br>Duisburger Hof \u00b7 Gro\u00dfer Saal<br>Sternenstaubchor \u00b7 Zungenreden \u00b7 Thomas Bremser<\/li>\n<\/ol>\n\n\n\n<figure class=\"wp-block-image size-full\"><img data-recalc-dims=\"1\" decoding=\"async\" src=\"https:\/\/i0.wp.com\/thomasbremser.de\/wp-content\/uploads\/2025\/12\/5DC0A949-68A7-4EE5-AE77-B56BBF8B067F.png?w=525&#038;ssl=1\" alt=\"\" class=\"wp-image-1340\"\/><\/figure>\n\n\n\n<figure class=\"wp-block-image size-large\"><img data-recalc-dims=\"1\" loading=\"lazy\" decoding=\"async\" width=\"525\" height=\"787\" src=\"https:\/\/i0.wp.com\/thomasbremser.de\/wp-content\/uploads\/2025\/12\/394EC4B6-DBF3-4022-8079-B63D877C849B.png?resize=525%2C787&#038;ssl=1\" alt=\"\" class=\"wp-image-1341\" srcset=\"https:\/\/i0.wp.com\/thomasbremser.de\/wp-content\/uploads\/2025\/12\/394EC4B6-DBF3-4022-8079-B63D877C849B.png?resize=683%2C1024&amp;ssl=1 683w, https:\/\/i0.wp.com\/thomasbremser.de\/wp-content\/uploads\/2025\/12\/394EC4B6-DBF3-4022-8079-B63D877C849B.png?resize=200%2C300&amp;ssl=1 200w, https:\/\/i0.wp.com\/thomasbremser.de\/wp-content\/uploads\/2025\/12\/394EC4B6-DBF3-4022-8079-B63D877C849B.png?resize=768%2C1152&amp;ssl=1 768w, https:\/\/i0.wp.com\/thomasbremser.de\/wp-content\/uploads\/2025\/12\/394EC4B6-DBF3-4022-8079-B63D877C849B.png?w=1024&amp;ssl=1 1024w\" sizes=\"auto, (max-width: 525px) 100vw, 525px\" \/><\/figure>\n","protected":false},"excerpt":{"rendered":"<p>Sternenstaubmusik Duisburg pr\u00e4sentiert: Sternenstaub ist \u00fcberall Gro\u00dfes Chorkonzert des Sternenstaubchores Samstag 14.M\u00e4rz 2026 im Duisburger Hof um 19:30 Uhr Wyndham Hotel Gro\u00dfer Ballsaal Opernplatz 2 in 47051 Duisburg STERNENSTAUB IST \u00dcBERALLEin Zwischenbericht aus der Klangkammer der ODYMORPH Der Sternenstaubchor erhebt sich nicht einfach zum Singen \u2014 er entsteht, wie Nebelinseln im fr\u00fchen Universum entstehen: aus &hellip; <\/p>\n<p class=\"link-more\"><a href=\"https:\/\/thomasbremser.de\/?p=1339\" class=\"more-link\"><span class=\"screen-reader-text\">\u201eSternenstaub ist \u00fcberall Update 3.Dezember 2025\u201c<\/span> weiterlesen<\/a><\/p>\n","protected":false},"author":1,"featured_media":1356,"comment_status":"closed","ping_status":"","sticky":false,"template":"","format":"standard","meta":{"_jetpack_memberships_contains_paid_content":false,"footnotes":""},"categories":[1],"tags":[],"class_list":["post-1339","post","type-post","status-publish","format-standard","has-post-thumbnail","hentry","category-uncategorized"],"jetpack_featured_media_url":"https:\/\/i0.wp.com\/thomasbremser.de\/wp-content\/uploads\/2025\/12\/135378CE-2863-4F30-9FF5-8A3C13D5B661.png?fit=1024%2C1024&ssl=1","jetpack-related-posts":[],"jetpack_sharing_enabled":true,"_links":{"self":[{"href":"https:\/\/thomasbremser.de\/index.php?rest_route=\/wp\/v2\/posts\/1339","targetHints":{"allow":["GET"]}}],"collection":[{"href":"https:\/\/thomasbremser.de\/index.php?rest_route=\/wp\/v2\/posts"}],"about":[{"href":"https:\/\/thomasbremser.de\/index.php?rest_route=\/wp\/v2\/types\/post"}],"author":[{"embeddable":true,"href":"https:\/\/thomasbremser.de\/index.php?rest_route=\/wp\/v2\/users\/1"}],"replies":[{"embeddable":true,"href":"https:\/\/thomasbremser.de\/index.php?rest_route=%2Fwp%2Fv2%2Fcomments&post=1339"}],"version-history":[{"count":3,"href":"https:\/\/thomasbremser.de\/index.php?rest_route=\/wp\/v2\/posts\/1339\/revisions"}],"predecessor-version":[{"id":1345,"href":"https:\/\/thomasbremser.de\/index.php?rest_route=\/wp\/v2\/posts\/1339\/revisions\/1345"}],"wp:featuredmedia":[{"embeddable":true,"href":"https:\/\/thomasbremser.de\/index.php?rest_route=\/wp\/v2\/media\/1356"}],"wp:attachment":[{"href":"https:\/\/thomasbremser.de\/index.php?rest_route=%2Fwp%2Fv2%2Fmedia&parent=1339"}],"wp:term":[{"taxonomy":"category","embeddable":true,"href":"https:\/\/thomasbremser.de\/index.php?rest_route=%2Fwp%2Fv2%2Fcategories&post=1339"},{"taxonomy":"post_tag","embeddable":true,"href":"https:\/\/thomasbremser.de\/index.php?rest_route=%2Fwp%2Fv2%2Ftags&post=1339"}],"curies":[{"name":"wp","href":"https:\/\/api.w.org\/{rel}","templated":true}]}}