{"id":1434,"date":"2026-04-30T03:10:42","date_gmt":"2026-04-30T03:10:42","guid":{"rendered":"https:\/\/thomasbremser.de\/?p=1434"},"modified":"2026-04-30T06:17:11","modified_gmt":"2026-04-30T06:17:11","slug":"sonnenchor-der-caritas","status":"publish","type":"post","link":"https:\/\/thomasbremser.de\/?p=1434","title":{"rendered":"Sonnenchor der Caritas"},"content":{"rendered":"\n<p><a href=\"https:\/\/youtu.be\/1pGiyZivijA\">https:\/\/youtu.be\/1pGiyZivijA<\/a><\/p>\n\n\n\n<p>Chorleiter Thomas Bremser<br><br><img data-recalc-dims=\"1\" loading=\"lazy\" decoding=\"async\" width=\"150\" height=\"150\" class=\"wp-image-1437\" style=\"width: 150px;\" src=\"https:\/\/i0.wp.com\/thomasbremser.de\/wp-content\/uploads\/2026\/04\/4750EA3F-0473-4AC8-9BC5-725CD9759CED.png?resize=150%2C150&#038;ssl=1\" alt=\"\" srcset=\"https:\/\/i0.wp.com\/thomasbremser.de\/wp-content\/uploads\/2026\/04\/4750EA3F-0473-4AC8-9BC5-725CD9759CED.png?w=1254&amp;ssl=1 1254w, https:\/\/i0.wp.com\/thomasbremser.de\/wp-content\/uploads\/2026\/04\/4750EA3F-0473-4AC8-9BC5-725CD9759CED.png?resize=300%2C300&amp;ssl=1 300w, https:\/\/i0.wp.com\/thomasbremser.de\/wp-content\/uploads\/2026\/04\/4750EA3F-0473-4AC8-9BC5-725CD9759CED.png?resize=1024%2C1024&amp;ssl=1 1024w, https:\/\/i0.wp.com\/thomasbremser.de\/wp-content\/uploads\/2026\/04\/4750EA3F-0473-4AC8-9BC5-725CD9759CED.png?resize=150%2C150&amp;ssl=1 150w, https:\/\/i0.wp.com\/thomasbremser.de\/wp-content\/uploads\/2026\/04\/4750EA3F-0473-4AC8-9BC5-725CD9759CED.png?resize=768%2C768&amp;ssl=1 768w, https:\/\/i0.wp.com\/thomasbremser.de\/wp-content\/uploads\/2026\/04\/4750EA3F-0473-4AC8-9BC5-725CD9759CED.png?resize=100%2C100&amp;ssl=1 100w\" sizes=\"auto, (max-width: 150px) 100vw, 150px\" \/><br><br>Der Chor als Resonanzraum f\u00fcr Mitmenschlichkeit <img loading=\"lazy\" decoding=\"async\" height=\"16\" width=\"16\" alt=\"&#x1fab4;\" src=\"https:\/\/static.xx.fbcdn.net\/images\/emoji.php\/v9\/t6a\/2\/16\/1fab4.png\"><\/p>\n\n\n\n<p>Singen ist mehr als Klang. Es ist ein sozialer Akt \u2013 vielleicht einer der radikalsten, die wir kennen.<\/p>\n\n\n\n<p>Im Chor begegnen sich Menschen nicht \u00fcber Argumente, sondern \u00fcber Schwingung. Dort, wo Worte oft trennen, entsteht durch Stimme ein gemeinsamer Raum: ein Resonanzfeld, in dem Unterschiede nicht verschwinden, aber ihre trennende Kraft verlieren. Resonanz ist kein Gleichklang \u2013 sie ist das Aushalten und Gestalten von Differenz im gemeinsamen Atem.<\/p>\n\n\n\n<p>Gerade im Kontext von Inklusion zeigt sich die gesellschaftliche Relevanz dieses Prinzips. Inklusion bedeutet nicht Anpassung, sondern Teilhabe. Nicht \u201eTrotz Unterschied\u201c, sondern \u201edurch Unterschied\u201c. Der Chor ist daf\u00fcr ein Modell: Jede Stimme bleibt eigen \u2013 und wird gerade dadurch unverzichtbar f\u00fcr das Ganze. Was im sozialen Diskurs oft abstrakt bleibt, wird hier unmittelbar erfahrbar.<\/p>\n\n\n\n<p>Der von der Caritas Oberhausen initiierte Sonnenchor steht exemplarisch f\u00fcr diesen Weg. Hier begegnen sich Menschen mit unterschiedlichen Lebensrealit\u00e4ten nicht in einem p\u00e4dagogischen Setting, sondern in einem k\u00fcnstlerischen Prozess. Die Musik ist kein Mittel zum Zweck \u2013 sie ist der Ort der Begegnung selbst.<\/p>\n\n\n\n<p>Aktuelle gesellschaftliche Diskussionen betonen zunehmend, dass nachhaltige Inklusion nicht durch strukturelle Ma\u00dfnahmen allein entsteht, sondern durch gelebte Beziehung. Durch R\u00e4ume, in denen Menschen sich als wirksam erleben, geh\u00f6rt werden und Resonanz erfahren. Der Sonnenchor ist ein solcher Raum.<\/p>\n\n\n\n<p>Vielleicht liegt darin seine leise, aber tiefgreifende Kraft: Er zeigt, dass Verst\u00e4ndigung nicht zuerst im Kopf geschieht, sondern im K\u00f6rper.Im Atem. In der Schwingung zwischen Menschen.<\/p>\n\n\n\n<p>Oder anders gesagt: Wo wir gemeinsam klingen, verlieren Vorurteile ihre Selbstverst\u00e4ndlichkeit. Die Resonanz kann heilen!<\/p>\n\n\n\n<p>Und genau darin liegt seine gesellschaftliche Relevanz \u2013 f\u00fcr jeden von uns.<\/p>\n\n\n\n<p>Thomas Bremser<\/p>\n\n\n\n<p>Chorleiter des Sonnenchores <img loading=\"lazy\" decoding=\"async\" height=\"16\" width=\"16\" src=\"https:\/\/static.xx.fbcdn.net\/images\/emoji.php\/v9\/tbd\/2\/16\/1f33f.png\" alt=\"&#x1f33f;\"><br><br><br><\/p>\n\n\n\n<figure class=\"wp-block-image size-full\"><img data-recalc-dims=\"1\" loading=\"lazy\" decoding=\"async\" width=\"525\" height=\"742\" src=\"https:\/\/i0.wp.com\/thomasbremser.de\/wp-content\/uploads\/2026\/04\/IMG_5839.jpeg?resize=525%2C742&#038;ssl=1\" alt=\"\" class=\"wp-image-1442\" srcset=\"https:\/\/i0.wp.com\/thomasbremser.de\/wp-content\/uploads\/2026\/04\/IMG_5839.jpeg?w=679&amp;ssl=1 679w, https:\/\/i0.wp.com\/thomasbremser.de\/wp-content\/uploads\/2026\/04\/IMG_5839.jpeg?resize=212%2C300&amp;ssl=1 212w\" sizes=\"auto, (max-width: 525px) 100vw, 525px\" \/><\/figure>\n","protected":false},"excerpt":{"rendered":"<p>https:\/\/youtu.be\/1pGiyZivijA Chorleiter Thomas Bremser Der Chor als Resonanzraum f\u00fcr Mitmenschlichkeit Singen ist mehr als Klang. Es ist ein sozialer Akt \u2013 vielleicht einer der radikalsten, die wir kennen. Im Chor begegnen sich Menschen nicht \u00fcber Argumente, sondern \u00fcber Schwingung. Dort, wo Worte oft trennen, entsteht durch Stimme ein gemeinsamer Raum: ein Resonanzfeld, in dem Unterschiede &hellip; <\/p>\n<p class=\"link-more\"><a href=\"https:\/\/thomasbremser.de\/?p=1434\" class=\"more-link\"><span class=\"screen-reader-text\">\u201eSonnenchor der Caritas\u201c<\/span> weiterlesen<\/a><\/p>\n","protected":false},"author":1,"featured_media":1438,"comment_status":"closed","ping_status":"closed","sticky":true,"template":"","format":"standard","meta":{"_jetpack_memberships_contains_paid_content":false,"footnotes":""},"categories":[1],"tags":[],"class_list":["post-1434","post","type-post","status-publish","format-standard","has-post-thumbnail","hentry","category-uncategorized"],"jetpack_featured_media_url":"https:\/\/i0.wp.com\/thomasbremser.de\/wp-content\/uploads\/2026\/04\/Unbenannt-e1777520664315.png?fit=400%2C504&ssl=1","jetpack-related-posts":[],"jetpack_sharing_enabled":true,"_links":{"self":[{"href":"https:\/\/thomasbremser.de\/index.php?rest_route=\/wp\/v2\/posts\/1434","targetHints":{"allow":["GET"]}}],"collection":[{"href":"https:\/\/thomasbremser.de\/index.php?rest_route=\/wp\/v2\/posts"}],"about":[{"href":"https:\/\/thomasbremser.de\/index.php?rest_route=\/wp\/v2\/types\/post"}],"author":[{"embeddable":true,"href":"https:\/\/thomasbremser.de\/index.php?rest_route=\/wp\/v2\/users\/1"}],"replies":[{"embeddable":true,"href":"https:\/\/thomasbremser.de\/index.php?rest_route=%2Fwp%2Fv2%2Fcomments&post=1434"}],"version-history":[{"count":5,"href":"https:\/\/thomasbremser.de\/index.php?rest_route=\/wp\/v2\/posts\/1434\/revisions"}],"predecessor-version":[{"id":1458,"href":"https:\/\/thomasbremser.de\/index.php?rest_route=\/wp\/v2\/posts\/1434\/revisions\/1458"}],"wp:featuredmedia":[{"embeddable":true,"href":"https:\/\/thomasbremser.de\/index.php?rest_route=\/wp\/v2\/media\/1438"}],"wp:attachment":[{"href":"https:\/\/thomasbremser.de\/index.php?rest_route=%2Fwp%2Fv2%2Fmedia&parent=1434"}],"wp:term":[{"taxonomy":"category","embeddable":true,"href":"https:\/\/thomasbremser.de\/index.php?rest_route=%2Fwp%2Fv2%2Fcategories&post=1434"},{"taxonomy":"post_tag","embeddable":true,"href":"https:\/\/thomasbremser.de\/index.php?rest_route=%2Fwp%2Fv2%2Ftags&post=1434"}],"curies":[{"name":"wp","href":"https:\/\/api.w.org\/{rel}","templated":true}]}}